{"id":13000,"date":"2016-04-10T07:25:42","date_gmt":"2016-04-10T05:25:42","guid":{"rendered":"https:\/\/www.berlucchi.it\/vinitaly-2016-61\/"},"modified":"2016-04-10T07:25:42","modified_gmt":"2016-04-10T05:25:42","slug":"vinitaly-2016-61","status":"publish","type":"post","link":"https:\/\/www.berlucchi.it\/en\/vinitaly-2016-61\/","title":{"rendered":"Vinitaly 2016 a tutto \u201861"},"content":{"rendered":"<p>Berlucchi vi aspetta a Palaexpo Lombardia, area Franciacorta, stand B-C15<!--more--><\/p>\n<p>La Guido Berlucchi sar\u00e0 presente a Vinitaly con un grande stand all\u2019interno di Palaexpo Lombardia, in area Franciacorta (B\/C15).<br \/>\nI sommelier della casa franciacortina proporranno al banco mescita l&#8217;assaggio di Berlucchi &#8217;61, il Franciacorta ispirato nel nome all\u2019anno di nascita del primo Franciacorta, creato proprio nelle sue cantine nell\u2019autunno del 1961.<br \/>\nBerlucchi \u201961 \u00e8 Sixties, oltre che nel nome, anche nell\u2019immagine, ispirata agli stilemi \u2013 in primis il tema del cerchio &#8211; di una decade storica vivace, dinamica, foriera di sfide e sperimentazioni.<br \/>\nIl Franciacorta \u00e8 proposto in versione Brut, Sat\u00e8n e Ros\u00e9, tutte con un affinamento sui lieviti di almeno 24 mesi. Particolarissimo il Sat\u00e8n, dedicato a chi ama la cremosit\u00e0 dello Chardonnay e le effervescenze pi\u00f9 delicate; classico e deciso il Brut, cui la presenza di Pinot Nero aggiunge personalit\u00e0; intrigante il Ros\u00e9, seducente nel colore e nelle note finissime di piccoli frutti rossi e di lievito di pane.<\/p>\n","protected":false},"excerpt":{"rendered":"<p>Berlucchi vi aspetta a Palaexpo Lombardia, area Franciacorta, stand B-C15<\/p>\n","protected":false},"author":2,"featured_media":11890,"comment_status":"closed","ping_status":"closed","sticky":false,"template":"","format":"standard","meta":{"footnotes":""},"categories":[131],"tags":[],"acf":[],"yoast_head":"<!-- This site is optimized with the Yoast SEO plugin v21.6 - https:\/\/yoast.com\/wordpress\/plugins\/seo\/ -->\n<title>Vinitaly 2016 a tutto \u201861 | Guido Berlucchi Franciacorta<\/title>\n<meta name=\"description\" content=\"Berlucchi vi aspetta a Palaexpo Lombardia, area Franciacorta, stand B-C15\" \/>\n<meta name=\"robots\" content=\"index, follow, max-snippet:-1, max-image-preview:large, max-video-preview:-1\" \/>\n<link rel=\"canonical\" href=\"https:\/\/www.berlucchi.it\/en\/vinitaly-2016-61\/\" \/>\n<meta property=\"og:locale\" content=\"en_US\" \/>\n<meta property=\"og:type\" content=\"article\" \/>\n<meta property=\"og:title\" content=\"Vinitaly 2016 a tutto \u201861 | Guido Berlucchi Franciacorta\" \/>\n<meta property=\"og:description\" content=\"Berlucchi vi aspetta a Palaexpo Lombardia, area Franciacorta, stand B-C15\" \/>\n<meta property=\"og:url\" content=\"https:\/\/www.berlucchi.it\/en\/vinitaly-2016-61\/\" \/>\n<meta property=\"og:site_name\" content=\"Guido Berlucchi Franciacorta\" \/>\n<meta property=\"article:publisher\" content=\"https:\/\/it-it.facebook.com\/berlucchi.global\/\" \/>\n<meta property=\"article:published_time\" content=\"2016-04-10T05:25:42+00:00\" \/>\n<meta property=\"og:image\" content=\"https:\/\/www.berlucchi.it\/wp-content\/uploads\/2021\/06\/immagini_news_2-1.jpg\" \/>\n\t<meta property=\"og:image:width\" content=\"1920\" \/>\n\t<meta property=\"og:image:height\" content=\"1080\" \/>\n\t<meta property=\"og:image:type\" content=\"image\/jpeg\" \/>\n<meta name=\"author\" content=\"ochodurando\" \/>\n<meta name=\"twitter:card\" content=\"summary_large_image\" \/>\n<meta name=\"twitter:creator\" content=\"@BerlucchiWine\" \/>\n<meta name=\"twitter:site\" content=\"@BerlucchiWine\" \/>\n<meta name=\"twitter:label1\" content=\"Written by\" \/>\n\t<meta name=\"twitter:data1\" content=\"ochodurando\" \/>\n\t<meta name=\"twitter:label2\" content=\"Est. reading time\" \/>\n\t<meta name=\"twitter:data2\" content=\"1 minute\" \/>\n<script type=\"application\/ld+json\" class=\"yoast-schema-graph\">{\"@context\":\"https:\/\/schema.org\",\"@graph\":[{\"@type\":\"Article\",\"@id\":\"https:\/\/www.berlucchi.it\/en\/vinitaly-2016-61\/#article\",\"isPartOf\":{\"@id\":\"https:\/\/www.berlucchi.it\/en\/vinitaly-2016-61\/\"},\"author\":{\"name\":\"ochodurando\",\"@id\":\"https:\/\/www.berlucchi.it\/en\/#\/schema\/person\/887e2b84a37e168f64ed0278dac799e1\"},\"headline\":\"Vinitaly 2016 a tutto \u201861\",\"datePublished\":\"2016-04-10T05:25:42+00:00\",\"dateModified\":\"2016-04-10T05:25:42+00:00\",\"mainEntityOfPage\":{\"@id\":\"https:\/\/www.berlucchi.it\/en\/vinitaly-2016-61\/\"},\"wordCount\":165,\"publisher\":{\"@id\":\"https:\/\/www.berlucchi.it\/en\/#organization\"},\"articleSection\":[\"EVENTS\"],\"inLanguage\":\"en-US\"},{\"@type\":\"WebPage\",\"@id\":\"https:\/\/www.berlucchi.it\/en\/vinitaly-2016-61\/\",\"url\":\"https:\/\/www.berlucchi.it\/en\/vinitaly-2016-61\/\",\"name\":\"Vinitaly 2016 a tutto \u201861 | Guido Berlucchi Franciacorta\",\"isPartOf\":{\"@id\":\"https:\/\/www.berlucchi.it\/en\/#website\"},\"datePublished\":\"2016-04-10T05:25:42+00:00\",\"dateModified\":\"2016-04-10T05:25:42+00:00\",\"description\":\"Berlucchi vi aspetta a Palaexpo Lombardia, area Franciacorta, stand B-C15\",\"breadcrumb\":{\"@id\":\"https:\/\/www.berlucchi.it\/en\/vinitaly-2016-61\/#breadcrumb\"},\"inLanguage\":\"en-US\",\"potentialAction\":[{\"@type\":\"ReadAction\",\"target\":[\"https:\/\/www.berlucchi.it\/en\/vinitaly-2016-61\/\"]}]},{\"@type\":\"BreadcrumbList\",\"@id\":\"https:\/\/www.berlucchi.it\/en\/vinitaly-2016-61\/#breadcrumb\",\"itemListElement\":[{\"@type\":\"ListItem\",\"position\":1,\"name\":\"Home\",\"item\":\"https:\/\/www.berlucchi.it\/en\/\"},{\"@type\":\"ListItem\",\"position\":2,\"name\":\"Vinitaly 2016 a tutto \u201861\"}]},{\"@type\":\"WebSite\",\"@id\":\"https:\/\/www.berlucchi.it\/en\/#website\",\"url\":\"https:\/\/www.berlucchi.it\/en\/\",\"name\":\"Guido Berlucchi Franciacorta\",\"description\":\"Berlucchi, in un bicchiere la Franciacorta\",\"publisher\":{\"@id\":\"https:\/\/www.berlucchi.it\/en\/#organization\"},\"potentialAction\":[{\"@type\":\"SearchAction\",\"target\":{\"@type\":\"EntryPoint\",\"urlTemplate\":\"https:\/\/www.berlucchi.it\/en\/?s={search_term_string}\"},\"query-input\":\"required name=search_term_string\"}],\"inLanguage\":\"en-US\"},{\"@type\":\"Organization\",\"@id\":\"https:\/\/www.berlucchi.it\/en\/#organization\",\"name\":\"Berlucchi\",\"url\":\"https:\/\/www.berlucchi.it\/en\/\",\"logo\":{\"@type\":\"ImageObject\",\"inLanguage\":\"en-US\",\"@id\":\"https:\/\/www.berlucchi.it\/en\/#\/schema\/logo\/image\/\",\"url\":\"https:\/\/www.berlucchi.it\/wp-content\/uploads\/2022\/02\/logo_berlucchi.svg\",\"contentUrl\":\"https:\/\/www.berlucchi.it\/wp-content\/uploads\/2022\/02\/logo_berlucchi.svg\",\"width\":1,\"height\":1,\"caption\":\"Berlucchi\"},\"image\":{\"@id\":\"https:\/\/www.berlucchi.it\/en\/#\/schema\/logo\/image\/\"},\"sameAs\":[\"https:\/\/it-it.facebook.com\/berlucchi.global\/\",\"https:\/\/twitter.com\/BerlucchiWine\",\"https:\/\/www.instagram.com\/berlucchiwine\",\"https:\/\/www.linkedin.com\/in\/guido-berlucchi\",\"https:\/\/it.wikipedia.org\/wiki\/Berlucchi\"]},{\"@type\":\"Person\",\"@id\":\"https:\/\/www.berlucchi.it\/en\/#\/schema\/person\/887e2b84a37e168f64ed0278dac799e1\",\"name\":\"ochodurando\"}]}<\/script>\n<!-- \/ Yoast SEO plugin. -->","yoast_head_json":{"title":"Vinitaly 2016 a tutto \u201861 | Guido Berlucchi Franciacorta","description":"Berlucchi vi aspetta a Palaexpo Lombardia, area Franciacorta, stand B-C15","robots":{"index":"index","follow":"follow","max-snippet":"max-snippet:-1","max-image-preview":"max-image-preview:large","max-video-preview":"max-video-preview:-1"},"canonical":"https:\/\/www.berlucchi.it\/en\/vinitaly-2016-61\/","og_locale":"en_US","og_type":"article","og_title":"Vinitaly 2016 a tutto \u201861 | Guido Berlucchi Franciacorta","og_description":"Berlucchi vi aspetta a Palaexpo Lombardia, area Franciacorta, stand B-C15","og_url":"https:\/\/www.berlucchi.it\/en\/vinitaly-2016-61\/","og_site_name":"Guido Berlucchi Franciacorta","article_publisher":"https:\/\/it-it.facebook.com\/berlucchi.global\/","article_published_time":"2016-04-10T05:25:42+00:00","og_image":[{"width":1920,"height":1080,"url":"https:\/\/www.berlucchi.it\/wp-content\/uploads\/2021\/06\/immagini_news_2-1.jpg","type":"image\/jpeg"}],"author":"ochodurando","twitter_card":"summary_large_image","twitter_creator":"@BerlucchiWine","twitter_site":"@BerlucchiWine","twitter_misc":{"Written by":"ochodurando","Est. reading time":"1 minute"},"schema":{"@context":"https:\/\/schema.org","@graph":[{"@type":"Article","@id":"https:\/\/www.berlucchi.it\/en\/vinitaly-2016-61\/#article","isPartOf":{"@id":"https:\/\/www.berlucchi.it\/en\/vinitaly-2016-61\/"},"author":{"name":"ochodurando","@id":"https:\/\/www.berlucchi.it\/en\/#\/schema\/person\/887e2b84a37e168f64ed0278dac799e1"},"headline":"Vinitaly 2016 a tutto \u201861","datePublished":"2016-04-10T05:25:42+00:00","dateModified":"2016-04-10T05:25:42+00:00","mainEntityOfPage":{"@id":"https:\/\/www.berlucchi.it\/en\/vinitaly-2016-61\/"},"wordCount":165,"publisher":{"@id":"https:\/\/www.berlucchi.it\/en\/#organization"},"articleSection":["EVENTS"],"inLanguage":"en-US"},{"@type":"WebPage","@id":"https:\/\/www.berlucchi.it\/en\/vinitaly-2016-61\/","url":"https:\/\/www.berlucchi.it\/en\/vinitaly-2016-61\/","name":"Vinitaly 2016 a tutto \u201861 | Guido Berlucchi Franciacorta","isPartOf":{"@id":"https:\/\/www.berlucchi.it\/en\/#website"},"datePublished":"2016-04-10T05:25:42+00:00","dateModified":"2016-04-10T05:25:42+00:00","description":"Berlucchi vi aspetta a Palaexpo Lombardia, area Franciacorta, stand B-C15","breadcrumb":{"@id":"https:\/\/www.berlucchi.it\/en\/vinitaly-2016-61\/#breadcrumb"},"inLanguage":"en-US","potentialAction":[{"@type":"ReadAction","target":["https:\/\/www.berlucchi.it\/en\/vinitaly-2016-61\/"]}]},{"@type":"BreadcrumbList","@id":"https:\/\/www.berlucchi.it\/en\/vinitaly-2016-61\/#breadcrumb","itemListElement":[{"@type":"ListItem","position":1,"name":"Home","item":"https:\/\/www.berlucchi.it\/en\/"},{"@type":"ListItem","position":2,"name":"Vinitaly 2016 a tutto \u201861"}]},{"@type":"WebSite","@id":"https:\/\/www.berlucchi.it\/en\/#website","url":"https:\/\/www.berlucchi.it\/en\/","name":"Guido Berlucchi Franciacorta","description":"Berlucchi, in un bicchiere la Franciacorta","publisher":{"@id":"https:\/\/www.berlucchi.it\/en\/#organization"},"potentialAction":[{"@type":"SearchAction","target":{"@type":"EntryPoint","urlTemplate":"https:\/\/www.berlucchi.it\/en\/?s={search_term_string}"},"query-input":"required name=search_term_string"}],"inLanguage":"en-US"},{"@type":"Organization","@id":"https:\/\/www.berlucchi.it\/en\/#organization","name":"Berlucchi","url":"https:\/\/www.berlucchi.it\/en\/","logo":{"@type":"ImageObject","inLanguage":"en-US","@id":"https:\/\/www.berlucchi.it\/en\/#\/schema\/logo\/image\/","url":"https:\/\/www.berlucchi.it\/wp-content\/uploads\/2022\/02\/logo_berlucchi.svg","contentUrl":"https:\/\/www.berlucchi.it\/wp-content\/uploads\/2022\/02\/logo_berlucchi.svg","width":1,"height":1,"caption":"Berlucchi"},"image":{"@id":"https:\/\/www.berlucchi.it\/en\/#\/schema\/logo\/image\/"},"sameAs":["https:\/\/it-it.facebook.com\/berlucchi.global\/","https:\/\/twitter.com\/BerlucchiWine","https:\/\/www.instagram.com\/berlucchiwine","https:\/\/www.linkedin.com\/in\/guido-berlucchi","https:\/\/it.wikipedia.org\/wiki\/Berlucchi"]},{"@type":"Person","@id":"https:\/\/www.berlucchi.it\/en\/#\/schema\/person\/887e2b84a37e168f64ed0278dac799e1","name":"ochodurando"}]}},"_links":{"self":[{"href":"https:\/\/www.berlucchi.it\/en\/wp-json\/wp\/v2\/posts\/13000"}],"collection":[{"href":"https:\/\/www.berlucchi.it\/en\/wp-json\/wp\/v2\/posts"}],"about":[{"href":"https:\/\/www.berlucchi.it\/en\/wp-json\/wp\/v2\/types\/post"}],"author":[{"embeddable":true,"href":"https:\/\/www.berlucchi.it\/en\/wp-json\/wp\/v2\/users\/2"}],"replies":[{"embeddable":true,"href":"https:\/\/www.berlucchi.it\/en\/wp-json\/wp\/v2\/comments?post=13000"}],"version-history":[{"count":0,"href":"https:\/\/www.berlucchi.it\/en\/wp-json\/wp\/v2\/posts\/13000\/revisions"}],"wp:featuredmedia":[{"embeddable":true,"href":"https:\/\/www.berlucchi.it\/en\/wp-json\/wp\/v2\/media\/11890"}],"wp:attachment":[{"href":"https:\/\/www.berlucchi.it\/en\/wp-json\/wp\/v2\/media?parent=13000"}],"wp:term":[{"taxonomy":"category","embeddable":true,"href":"https:\/\/www.berlucchi.it\/en\/wp-json\/wp\/v2\/categories?post=13000"},{"taxonomy":"post_tag","embeddable":true,"href":"https:\/\/www.berlucchi.it\/en\/wp-json\/wp\/v2\/tags?post=13000"}],"curies":[{"name":"wp","href":"https:\/\/api.w.org\/{rel}","templated":true}]}}